{"id":12663,"date":"2025-02-27T18:45:01","date_gmt":"2025-02-27T18:45:01","guid":{"rendered":"http:\/\/osmp.edu.ba\/?p=12663"},"modified":"2025-02-27T18:45:03","modified_gmt":"2025-02-27T18:45:03","slug":"ucenici-drugih-razreda-nase-skole-obiljezili-dan-nezavisnosti-bosne-i-hercegovine","status":"publish","type":"post","link":"https:\/\/osmp.edu.ba\/?p=12663","title":{"rendered":"U\u010cENICI DRUGIH RAZREDA NA\u0160E \u0160KOLE OBILJE\u017dILI DAN NEZAVISNOSTI BOSNE I HERCEGOVINE"},"content":{"rendered":"\n<p> U povodu ,,Dana nezavisnosti BiH\u201d 27.02.2025.godine u\u010denici <strong>II razreda<\/strong> obilje\u017eili su ovaj veoma bitan datum defileom i pjesmom ulicama Vogo\u0161\u0107e. U\u010denici su bili u pratnji svojih <strong>u\u010diteljica, socijalne radnice i bibliotekarke \u0161kole<\/strong>. <\/p>\n\n\n\n<p>Video pogledajte na <a href=\"https:\/\/www.facebook.com\/100000017073905\/videos\/pcb.9646036132073527\/990144983026862\">linku<\/a>.<\/p>\n\n\n\n<p>Podjsetimo se, <strong>Dan nezavisnosti Bosne i Hercegovine<\/strong> nacionalni je praznik koji se obilje\u017eava 1. marta svake godine, a kojim se proslavlja nezavisnost Bosne i Hercegovine od Socijalisti\u010dke Federativne Republike Jugoslavije. (izvor: <a href=\"http:\/\/bs.wikipedia.org\/wiki\/Dan_nezavisnosti_Bosne_i_Hercegovine\">Wikipedia<\/a>)<\/p>\n\n\n\n<ul class=\"wp-block-gallery columns-2 is-cropped wp-block-gallery-1 is-layout-flex wp-block-gallery-is-layout-flex\"><li class=\"blocks-gallery-item\"><figure><img fetchpriority=\"high\" decoding=\"async\" width=\"771\" height=\"1024\" src=\"http:\/\/osmp.edu.ba\/wp-content\/uploads\/2025\/02\/481183404_9646036932073447_743414645294281541_n-771x1024.jpg\" alt=\"\" data-id=\"12664\" data-link=\"http:\/\/osmp.edu.ba\/?attachment_id=12664\" class=\"wp-image-12664\" srcset=\"https:\/\/osmp.edu.ba\/wp-content\/uploads\/2025\/02\/481183404_9646036932073447_743414645294281541_n-771x1024.jpg 771w, https:\/\/osmp.edu.ba\/wp-content\/uploads\/2025\/02\/481183404_9646036932073447_743414645294281541_n-226x300.jpg 226w, https:\/\/osmp.edu.ba\/wp-content\/uploads\/2025\/02\/481183404_9646036932073447_743414645294281541_n-768x1020.jpg 768w, https:\/\/osmp.edu.ba\/wp-content\/uploads\/2025\/02\/481183404_9646036932073447_743414645294281541_n-1024x1360.jpg 1024w, https:\/\/osmp.edu.ba\/wp-content\/uploads\/2025\/02\/481183404_9646036932073447_743414645294281541_n.jpg 1205w\" sizes=\"(max-width: 771px) 100vw, 771px\" \/><\/figure><\/li><li class=\"blocks-gallery-item\"><figure><img decoding=\"async\" width=\"1024\" height=\"771\" src=\"http:\/\/osmp.edu.ba\/wp-content\/uploads\/2025\/02\/481240051_9646036795406794_2719365923005560951_n-1024x771.jpg\" alt=\"\" data-id=\"12665\" data-link=\"http:\/\/osmp.edu.ba\/?attachment_id=12665\" class=\"wp-image-12665\" srcset=\"https:\/\/osmp.edu.ba\/wp-content\/uploads\/2025\/02\/481240051_9646036795406794_2719365923005560951_n-1024x771.jpg 1024w, https:\/\/osmp.edu.ba\/wp-content\/uploads\/2025\/02\/481240051_9646036795406794_2719365923005560951_n-300x226.jpg 300w, https:\/\/osmp.edu.ba\/wp-content\/uploads\/2025\/02\/481240051_9646036795406794_2719365923005560951_n-768x578.jpg 768w, https:\/\/osmp.edu.ba\/wp-content\/uploads\/2025\/02\/481240051_9646036795406794_2719365923005560951_n.jpg 1600w\" sizes=\"(max-width: 1024px) 100vw, 1024px\" \/><\/figure><\/li><\/ul>\n\n\n\n<figure class=\"wp-block-image\"><img decoding=\"async\" width=\"1024\" height=\"187\" src=\"http:\/\/osmp.edu.ba\/wp-content\/uploads\/2024\/10\/SSSS-1024x187.png\" alt=\"\" class=\"wp-image-12089\" srcset=\"https:\/\/osmp.edu.ba\/wp-content\/uploads\/2024\/10\/SSSS-1024x187.png 1024w, https:\/\/osmp.edu.ba\/wp-content\/uploads\/2024\/10\/SSSS-300x55.png 300w, https:\/\/osmp.edu.ba\/wp-content\/uploads\/2024\/10\/SSSS-768x140.png 768w, https:\/\/osmp.edu.ba\/wp-content\/uploads\/2024\/10\/SSSS.png 1920w\" sizes=\"(max-width: 1024px) 100vw, 1024px\" \/><\/figure>\n","protected":false},"excerpt":{"rendered":"<p>U povodu ,,Dana nezavisnosti BiH\u201d 27.02.2025.godine u\u010denici II razreda obilje\u017eili su ovaj veoma bitan datum&#8230;<\/p>\n","protected":false},"author":1,"featured_media":12666,"comment_status":"closed","ping_status":"closed","sticky":false,"template":"","format":"standard","meta":{"ngg_post_thumbnail":0,"footnotes":""},"categories":[5],"tags":[],"class_list":["post-12663","post","type-post","status-publish","format-standard","has-post-thumbnail","hentry","category-aktuelnosti"],"_links":{"self":[{"href":"https:\/\/osmp.edu.ba\/index.php?rest_route=\/wp\/v2\/posts\/12663","targetHints":{"allow":["GET"]}}],"collection":[{"href":"https:\/\/osmp.edu.ba\/index.php?rest_route=\/wp\/v2\/posts"}],"about":[{"href":"https:\/\/osmp.edu.ba\/index.php?rest_route=\/wp\/v2\/types\/post"}],"author":[{"embeddable":true,"href":"https:\/\/osmp.edu.ba\/index.php?rest_route=\/wp\/v2\/users\/1"}],"replies":[{"embeddable":true,"href":"https:\/\/osmp.edu.ba\/index.php?rest_route=%2Fwp%2Fv2%2Fcomments&post=12663"}],"version-history":[{"count":1,"href":"https:\/\/osmp.edu.ba\/index.php?rest_route=\/wp\/v2\/posts\/12663\/revisions"}],"predecessor-version":[{"id":12667,"href":"https:\/\/osmp.edu.ba\/index.php?rest_route=\/wp\/v2\/posts\/12663\/revisions\/12667"}],"wp:featuredmedia":[{"embeddable":true,"href":"https:\/\/osmp.edu.ba\/index.php?rest_route=\/wp\/v2\/media\/12666"}],"wp:attachment":[{"href":"https:\/\/osmp.edu.ba\/index.php?rest_route=%2Fwp%2Fv2%2Fmedia&parent=12663"}],"wp:term":[{"taxonomy":"category","embeddable":true,"href":"https:\/\/osmp.edu.ba\/index.php?rest_route=%2Fwp%2Fv2%2Fcategories&post=12663"},{"taxonomy":"post_tag","embeddable":true,"href":"https:\/\/osmp.edu.ba\/index.php?rest_route=%2Fwp%2Fv2%2Ftags&post=12663"}],"curies":[{"name":"wp","href":"https:\/\/api.w.org\/{rel}","templated":true}]}}