{"id":12694,"date":"2025-03-03T09:09:05","date_gmt":"2025-03-03T09:09:05","guid":{"rendered":"http:\/\/osmp.edu.ba\/?p=12694"},"modified":"2025-03-03T09:09:07","modified_gmt":"2025-03-03T09:09:07","slug":"ucenici-nase-skole-zablistali-na-svecanoj-sjednici-opcinskog-vijeca-vogosca-odrzanoj-povodom-dana-nezavisnosti","status":"publish","type":"post","link":"https:\/\/osmp.edu.ba\/?p=12694","title":{"rendered":"U\u010cENICI NA\u0160E \u0160KOLE ZABLISTALI NA SVE\u010cANOJ SJEDNICI OP\u0106INSKOG VIJE\u0106A VOGO\u0160\u0106A, ODR\u017dANOJ POVODOM DANA NEZAVISNOSTI"},"content":{"rendered":"\n<p> Na sve\u010danoj akademiji povodom obilje\u017eavanja <strong>Dana nezavisnosti Bosne<\/strong> <strong>i Hercegovine<\/strong>, na\u0161i u\u010denici su s ponosom predstavili \u0161kolu izvedbom recitala koji je odu\u0161evio prisutne. Kroz sna\u017ene stihove o domovini, slobodi i jedinstvu, pokazali su ne samo svoj talenat, ve\u0107 i duboku ljubav prema zemlji. Njihov trud i posve\u0107enost nagra\u0111eni su velikim aplauzom i pohvalama prisutnih gostiju. Ovaj nastup nije bio samo prilika da poka\u017eu svoje govorne i scenske vje\u0161tine, ve\u0107 i da se prisjete va\u017enosti 1. marta \u2013 dana kada je Bosna i Hercegovina odlu\u010dno zakora\u010dila putem nezavisnosti. Na\u0161i u\u010denici su ponosno prenijeli poruku zajedni\u0161tva i nade, dokazuju\u0107i da mlade generacije s ponosom \u010duvaju vrijednosti svoje domovine. Zahvaljujemo se u\u010denicima III-4 odjeljenja I u\u010diteljici Ilmi Begi\u0107 koji su doprinijeli ovom posebnom trenutku i dostojno predstavili na\u0161u \u0161kolu.Tako\u0111er \u010destitamo na\u0161oj <strong>u\u010denici Zahri Hod\u017ei\u0107<\/strong> i njenoj <strong>nastavnici Amiri Dru\u0161ki\u0107 Vla\u0161ki <\/strong>na osvojenom <strong>tre\u0107em mjestu<\/strong> na javnom pozivu za <strong>najbolji prozno-literarni rad<\/strong> koji je raspisala JU KSC Vogo\u0161\u0107a povodom obilje\u017eavanja Dana nezavisnosti Bosne i Hercegovine! Zahra je svojim radom pokazala duboko razumijevanje historije i vrijednosti na\u0161e domovine,a njena posve\u0107enost, trud i rad su nagra\u0111eni. \u017delimo joj mnogo uspjeha u budu\u0107em stvarala\u0161tvu i nadamo se da \u0107e nastaviti nizati ovakve sjajne rezultate! <\/p>\n\n\n\n<ul class=\"wp-block-gallery columns-2 is-cropped wp-block-gallery-1 is-layout-flex wp-block-gallery-is-layout-flex\"><li class=\"blocks-gallery-item\"><figure><img fetchpriority=\"high\" decoding=\"async\" width=\"476\" height=\"753\" src=\"http:\/\/osmp.edu.ba\/wp-content\/uploads\/2025\/03\/481764324_9646835605326913_7180184423710901942_n.jpg\" alt=\"\" data-id=\"12696\" data-link=\"http:\/\/osmp.edu.ba\/?attachment_id=12696\" class=\"wp-image-12696\" srcset=\"https:\/\/osmp.edu.ba\/wp-content\/uploads\/2025\/03\/481764324_9646835605326913_7180184423710901942_n.jpg 476w, https:\/\/osmp.edu.ba\/wp-content\/uploads\/2025\/03\/481764324_9646835605326913_7180184423710901942_n-190x300.jpg 190w\" sizes=\"(max-width: 476px) 100vw, 476px\" \/><\/figure><\/li><li class=\"blocks-gallery-item\"><figure><img decoding=\"async\" width=\"990\" height=\"1024\" src=\"http:\/\/osmp.edu.ba\/wp-content\/uploads\/2025\/03\/481000817_9646836391993501_3690562200010166621_n-990x1024.jpg\" alt=\"\" data-id=\"12697\" data-link=\"http:\/\/osmp.edu.ba\/?attachment_id=12697\" class=\"wp-image-12697\" srcset=\"https:\/\/osmp.edu.ba\/wp-content\/uploads\/2025\/03\/481000817_9646836391993501_3690562200010166621_n-990x1024.jpg 990w, https:\/\/osmp.edu.ba\/wp-content\/uploads\/2025\/03\/481000817_9646836391993501_3690562200010166621_n-290x300.jpg 290w, https:\/\/osmp.edu.ba\/wp-content\/uploads\/2025\/03\/481000817_9646836391993501_3690562200010166621_n-768x794.jpg 768w, https:\/\/osmp.edu.ba\/wp-content\/uploads\/2025\/03\/481000817_9646836391993501_3690562200010166621_n-1024x1059.jpg 1024w, https:\/\/osmp.edu.ba\/wp-content\/uploads\/2025\/03\/481000817_9646836391993501_3690562200010166621_n.jpg 1980w\" sizes=\"(max-width: 990px) 100vw, 990px\" \/><\/figure><\/li><\/ul>\n\n\n\n<figure class=\"wp-block-image\"><img decoding=\"async\" width=\"1024\" height=\"187\" src=\"http:\/\/osmp.edu.ba\/wp-content\/uploads\/2024\/10\/SSSS-1024x187.png\" alt=\"\" class=\"wp-image-12089\" srcset=\"https:\/\/osmp.edu.ba\/wp-content\/uploads\/2024\/10\/SSSS-1024x187.png 1024w, https:\/\/osmp.edu.ba\/wp-content\/uploads\/2024\/10\/SSSS-300x55.png 300w, https:\/\/osmp.edu.ba\/wp-content\/uploads\/2024\/10\/SSSS-768x140.png 768w, https:\/\/osmp.edu.ba\/wp-content\/uploads\/2024\/10\/SSSS.png 1920w\" sizes=\"(max-width: 1024px) 100vw, 1024px\" \/><\/figure>\n","protected":false},"excerpt":{"rendered":"<p>Na sve\u010danoj akademiji povodom obilje\u017eavanja Dana nezavisnosti Bosne i Hercegovine, na\u0161i u\u010denici su s ponosom&#8230;<\/p>\n","protected":false},"author":1,"featured_media":12698,"comment_status":"closed","ping_status":"closed","sticky":false,"template":"","format":"standard","meta":{"ngg_post_thumbnail":0,"footnotes":""},"categories":[5],"tags":[],"class_list":["post-12694","post","type-post","status-publish","format-standard","has-post-thumbnail","hentry","category-aktuelnosti"],"_links":{"self":[{"href":"https:\/\/osmp.edu.ba\/index.php?rest_route=\/wp\/v2\/posts\/12694","targetHints":{"allow":["GET"]}}],"collection":[{"href":"https:\/\/osmp.edu.ba\/index.php?rest_route=\/wp\/v2\/posts"}],"about":[{"href":"https:\/\/osmp.edu.ba\/index.php?rest_route=\/wp\/v2\/types\/post"}],"author":[{"embeddable":true,"href":"https:\/\/osmp.edu.ba\/index.php?rest_route=\/wp\/v2\/users\/1"}],"replies":[{"embeddable":true,"href":"https:\/\/osmp.edu.ba\/index.php?rest_route=%2Fwp%2Fv2%2Fcomments&post=12694"}],"version-history":[{"count":1,"href":"https:\/\/osmp.edu.ba\/index.php?rest_route=\/wp\/v2\/posts\/12694\/revisions"}],"predecessor-version":[{"id":12699,"href":"https:\/\/osmp.edu.ba\/index.php?rest_route=\/wp\/v2\/posts\/12694\/revisions\/12699"}],"wp:featuredmedia":[{"embeddable":true,"href":"https:\/\/osmp.edu.ba\/index.php?rest_route=\/wp\/v2\/media\/12698"}],"wp:attachment":[{"href":"https:\/\/osmp.edu.ba\/index.php?rest_route=%2Fwp%2Fv2%2Fmedia&parent=12694"}],"wp:term":[{"taxonomy":"category","embeddable":true,"href":"https:\/\/osmp.edu.ba\/index.php?rest_route=%2Fwp%2Fv2%2Fcategories&post=12694"},{"taxonomy":"post_tag","embeddable":true,"href":"https:\/\/osmp.edu.ba\/index.php?rest_route=%2Fwp%2Fv2%2Ftags&post=12694"}],"curies":[{"name":"wp","href":"https:\/\/api.w.org\/{rel}","templated":true}]}}