{"id":13100,"date":"2025-04-23T11:54:44","date_gmt":"2025-04-23T11:54:44","guid":{"rendered":"https:\/\/osmp.edu.ba\/?p=13100"},"modified":"2025-04-29T12:35:58","modified_gmt":"2025-04-29T12:35:58","slug":"obiljezili-smo-dan-planete-zemlje","status":"publish","type":"post","link":"https:\/\/osmp.edu.ba\/?p=13100","title":{"rendered":"OBILJE\u017dILI SMO &#8220;DAN PLANETE ZEMLJE&#8221;"},"content":{"rendered":"\n<p>Povodom obilje\u017eavanja Dana planete Zemlje, u\u010denici VI-3 su sa nastavnicom Lejlom \u010cerkez Biki\u0107 kreirali \u010dasopis o idejama o\u010duvanja okoli\u0161a, na\u010dinu recikliranja i odlaganja otpada.<\/p>\n\n\n\n<p><img decoding=\"async\" height=\"16\" width=\"16\" alt=\"&#x1f4cc;\" src=\"https:\/\/static.xx.fbcdn.net\/images\/emoji.php\/v9\/tac\/1\/16\/1f4cc.png\"> Dana\u0161nji \u010das smo iskoristili da ponovimo pravila pisanja velikog slova.<\/p>\n\n\n\n<p><img decoding=\"async\" height=\"16\" width=\"16\" alt=\"&#x1f4cc;\" src=\"https:\/\/static.xx.fbcdn.net\/images\/emoji.php\/v9\/tac\/1\/16\/1f4cc.png\"> Jeste li znali da planetu Zemlju zovu jo\u0161 i Plavom planetom?<\/p>\n\n\n\n<p>\u010cuvajmo <a><\/a>na\u0161u planetu jer je ona dio nas.<\/p>\n\n\n\n<p>Video pogledajte na <a href=\"https:\/\/www.facebook.com\/osnovnaskola.mirsadprnjavorac\/videos\/1062492895928033\">linku<\/a>.<\/p>\n\n\n\n<p>U okviru nastavne teme koja se bavila pitanjima ekologije i dru\u0161tvene odgovornosti, u\u010denici <strong>6-2, 6-3 i 6-4 odjeljenja<\/strong> dobili su zadatak da sprovedu istra\u017eivanje na temu:&#8221;<strong>Brinu li se stanovnici va\u0161eg okru\u017eenja dovoljno o za\u0161titi okoli\u0161a<\/strong>?&#8221;<\/p>\n\n\n\n<p>Njihov rad ne samo da pokazuje zavidan nivo kreativnosti i tehni\u010dke spretnosti, ve\u0107 i osvije\u0161\u0107enost o jednoj od najva\u017enijih tema dana\u0161njice \u2013 za\u0161titi okoli\u0161a. Video slu\u017ei kao odli\u010dan primjer kako mladi mogu doprinijeti razvoju ekolo\u0161ke svijesti u svojoj zajednci. Istra\u017eivanje je realizovano uz pomo\u0107 nastavnice <strong>Mevlide Topal<\/strong>.<\/p>\n\n\n\n<p>Video pogledajte na <a href=\"https:\/\/www.facebook.com\/osnovnaskola.mirsadprnjavorac\/videos\/1049464457148514\">linku<\/a>.<\/p>\n\n\n\n<figure class=\"wp-block-image size-full\"><a href=\"https:\/\/osmp.edu.ba\/wp-content\/uploads\/2025\/04\/492137041_9995637617113375_3676938184782374354_n.jpg\"><img fetchpriority=\"high\" decoding=\"async\" width=\"854\" height=\"854\" src=\"https:\/\/osmp.edu.ba\/wp-content\/uploads\/2025\/04\/492137041_9995637617113375_3676938184782374354_n.jpg\" alt=\"\" class=\"wp-image-13101\" srcset=\"https:\/\/osmp.edu.ba\/wp-content\/uploads\/2025\/04\/492137041_9995637617113375_3676938184782374354_n.jpg 854w, https:\/\/osmp.edu.ba\/wp-content\/uploads\/2025\/04\/492137041_9995637617113375_3676938184782374354_n-300x300.jpg 300w, https:\/\/osmp.edu.ba\/wp-content\/uploads\/2025\/04\/492137041_9995637617113375_3676938184782374354_n-150x150.jpg 150w, https:\/\/osmp.edu.ba\/wp-content\/uploads\/2025\/04\/492137041_9995637617113375_3676938184782374354_n-768x768.jpg 768w\" sizes=\"(max-width: 854px) 100vw, 854px\" \/><\/a><\/figure>\n\n\n\n<p>U\u010denici I-2 i I -3 razreda su sa <strong>u\u010diteljicama Vildanom Sir\u010di\u0107 i \u0110enanom Kadija<\/strong> obilje\u017eili Dan planete Zemlje kroz likovnu radionicu i poru\u010dili:<\/p>\n\n\n\n<p>&#8220;<strong>\u017delimo da na\u0161a Zemlja uvijek bude \u010dista i da na njoj cvjeta najljep\u0161e cvije\u0107e<\/strong>.<\/p>\n\n\n\n<p>Video pogledajte na <a href=\"https:\/\/www.facebook.com\/osnovnaskola.mirsadprnjavorac\/videos\/650406011487367\">linku<\/a>.<\/p>\n\n\n\n<p>Dan planete Zemlje nas podsje\u0107a na to da svi imamo odgovornost za o\u010duvanje na\u0161eg zajedni\u010dkog doma, pa \u010dak i male akcije mogu imati veliki uticaj na njegovu budu\u0107nost!<br>&#x1f30e;&#x1f30e;&#x1f30e;<br>&#x2705; U\u010denici V-5 odjeljenja sa <strong>u\u010diteljicom Nezirom Sarajli\u0107<\/strong> su sadnjom cvije\u0107a u \u0161kolskom dvori\u0161tu i edukativnim porukama obilje\u017eili 22. april &#8211; Dan planete Zemlje&#x1f340;&#x1f30e;<\/p>\n\n\n\n<figure class=\"wp-block-image size-large\"><a href=\"https:\/\/osmp.edu.ba\/wp-content\/uploads\/2025\/04\/492223864_9995741827102954_3834088345012522116_n.jpg\"><img decoding=\"async\" width=\"1024\" height=\"768\" src=\"https:\/\/osmp.edu.ba\/wp-content\/uploads\/2025\/04\/492223864_9995741827102954_3834088345012522116_n-1024x768.jpg\" alt=\"\" class=\"wp-image-13103\" srcset=\"https:\/\/osmp.edu.ba\/wp-content\/uploads\/2025\/04\/492223864_9995741827102954_3834088345012522116_n-1024x768.jpg 1024w, https:\/\/osmp.edu.ba\/wp-content\/uploads\/2025\/04\/492223864_9995741827102954_3834088345012522116_n-300x225.jpg 300w, https:\/\/osmp.edu.ba\/wp-content\/uploads\/2025\/04\/492223864_9995741827102954_3834088345012522116_n-768x576.jpg 768w, https:\/\/osmp.edu.ba\/wp-content\/uploads\/2025\/04\/492223864_9995741827102954_3834088345012522116_n-1536x1152.jpg 1536w, https:\/\/osmp.edu.ba\/wp-content\/uploads\/2025\/04\/492223864_9995741827102954_3834088345012522116_n.jpg 1600w\" sizes=\"(max-width: 1024px) 100vw, 1024px\" \/><\/a><\/figure>\n\n\n\n<figure class=\"wp-block-image size-large\"><a href=\"http:\/\/osmp.edu.ba\/wp-content\/uploads\/2024\/10\/SSSS.png\"><img loading=\"lazy\" decoding=\"async\" width=\"1024\" height=\"187\" src=\"http:\/\/osmp.edu.ba\/wp-content\/uploads\/2024\/10\/SSSS-1024x187.png\" alt=\"\" class=\"wp-image-12089\" srcset=\"https:\/\/osmp.edu.ba\/wp-content\/uploads\/2024\/10\/SSSS-1024x187.png 1024w, https:\/\/osmp.edu.ba\/wp-content\/uploads\/2024\/10\/SSSS-300x55.png 300w, https:\/\/osmp.edu.ba\/wp-content\/uploads\/2024\/10\/SSSS-768x140.png 768w, https:\/\/osmp.edu.ba\/wp-content\/uploads\/2024\/10\/SSSS.png 1920w\" sizes=\"(max-width: 1024px) 100vw, 1024px\" \/><\/a><\/figure>\n","protected":false},"excerpt":{"rendered":"<p>Povodom obilje\u017eavanja Dana planete Zemlje, u\u010denici VI-3 su sa nastavnicom Lejlom \u010cerkez Biki\u0107 kreirali \u010dasopis&#8230;<\/p>\n","protected":false},"author":1,"featured_media":13102,"comment_status":"closed","ping_status":"closed","sticky":false,"template":"","format":"standard","meta":{"ngg_post_thumbnail":0,"footnotes":""},"categories":[5],"tags":[],"class_list":["post-13100","post","type-post","status-publish","format-standard","has-post-thumbnail","hentry","category-aktuelnosti"],"_links":{"self":[{"href":"https:\/\/osmp.edu.ba\/index.php?rest_route=\/wp\/v2\/posts\/13100","targetHints":{"allow":["GET"]}}],"collection":[{"href":"https:\/\/osmp.edu.ba\/index.php?rest_route=\/wp\/v2\/posts"}],"about":[{"href":"https:\/\/osmp.edu.ba\/index.php?rest_route=\/wp\/v2\/types\/post"}],"author":[{"embeddable":true,"href":"https:\/\/osmp.edu.ba\/index.php?rest_route=\/wp\/v2\/users\/1"}],"replies":[{"embeddable":true,"href":"https:\/\/osmp.edu.ba\/index.php?rest_route=%2Fwp%2Fv2%2Fcomments&post=13100"}],"version-history":[{"count":1,"href":"https:\/\/osmp.edu.ba\/index.php?rest_route=\/wp\/v2\/posts\/13100\/revisions"}],"predecessor-version":[{"id":13104,"href":"https:\/\/osmp.edu.ba\/index.php?rest_route=\/wp\/v2\/posts\/13100\/revisions\/13104"}],"wp:featuredmedia":[{"embeddable":true,"href":"https:\/\/osmp.edu.ba\/index.php?rest_route=\/wp\/v2\/media\/13102"}],"wp:attachment":[{"href":"https:\/\/osmp.edu.ba\/index.php?rest_route=%2Fwp%2Fv2%2Fmedia&parent=13100"}],"wp:term":[{"taxonomy":"category","embeddable":true,"href":"https:\/\/osmp.edu.ba\/index.php?rest_route=%2Fwp%2Fv2%2Fcategories&post=13100"},{"taxonomy":"post_tag","embeddable":true,"href":"https:\/\/osmp.edu.ba\/index.php?rest_route=%2Fwp%2Fv2%2Ftags&post=13100"}],"curies":[{"name":"wp","href":"https:\/\/api.w.org\/{rel}","templated":true}]}}