{"id":678,"date":"2017-10-10T18:05:04","date_gmt":"2017-10-10T18:05:04","guid":{"rendered":"http:\/\/osmp.edu.ba\/?p=678"},"modified":"2023-10-28T11:51:30","modified_gmt":"2023-10-28T11:51:30","slug":"korak-vise-za-inkluzivno-obrazovanje","status":"publish","type":"post","link":"https:\/\/osmp.edu.ba\/?p=678","title":{"rendered":"KORAK VI\u0160E ZA INKLUZIVNO OBRAZOVANJE"},"content":{"rendered":"<p style=\"text-align: center;\">Jo\u0161 jedan projekat u na\u0161oj \u0161koli<br \/>\n<strong>&#8220;KORAK VI\u0160E ZA INKLUZIVNO OBRAZOVANJE&#8221;<\/strong><\/p>\n<p style=\"text-align: center;\">Danas je direktorica na\u0161e \u0161kole, gospo\u0111a Sabiha Sal\u010din potpisala ugovor o sufinansiranju projekta iz oblasti pred\u0161kolskog, osnovnog i srednjeg obrazovanja vrijedan 7 000 KM. Projekat sufinansira Federalno ministarstvo obrazovanja i nauke. Osnovni cilj projekta je pomo\u0107 u\u010denicima u postizanju \u0161to boljih obrazovnih rezultata, ali i pomo\u0107i u rje\u0161avanju egzistencionalnih problema kojima su izlo\u017eeni u\u010denici. Ciljna grupa su u\u010denici koji dolaze iz porodica u stanju socijalne pomoci, u\u010denici koji posti\u017eu slabije rezultate u u\u010denju, u\u010denici s devijantnim pona\u0161anjem kao i u\u010denici koji dolaze iz romske populacije.<\/p>\n<p style=\"text-align: center;\"><a href=\"http:\/\/osmp.edu.ba\/wp-content\/uploads\/2017\/10\/22281783_1684783498198870_591103289097421880_n.jpg\"><img fetchpriority=\"high\" decoding=\"async\" class=\"alignnone size-medium wp-image-679\" src=\"http:\/\/osmp.edu.ba\/wp-content\/uploads\/2017\/10\/22281783_1684783498198870_591103289097421880_n-300x293.jpg\" alt=\"\" width=\"300\" height=\"293\" srcset=\"https:\/\/osmp.edu.ba\/wp-content\/uploads\/2017\/10\/22281783_1684783498198870_591103289097421880_n-300x293.jpg 300w, https:\/\/osmp.edu.ba\/wp-content\/uploads\/2017\/10\/22281783_1684783498198870_591103289097421880_n-768x749.jpg 768w, https:\/\/osmp.edu.ba\/wp-content\/uploads\/2017\/10\/22281783_1684783498198870_591103289097421880_n.jpg 960w\" sizes=\"(max-width: 300px) 100vw, 300px\" \/><\/a><\/p>\n","protected":false},"excerpt":{"rendered":"<p>Jo\u0161 jedan projekat u na\u0161oj \u0161koli &#8220;KORAK VI\u0160E ZA INKLUZIVNO OBRAZOVANJE&#8221; Danas je direktorica na\u0161e&#8230;<\/p>\n","protected":false},"author":1,"featured_media":679,"comment_status":"closed","ping_status":"closed","sticky":false,"template":"","format":"standard","meta":{"ngg_post_thumbnail":0,"footnotes":""},"categories":[5,9],"tags":[],"class_list":["post-678","post","type-post","status-publish","format-standard","has-post-thumbnail","hentry","category-aktuelnosti","category-projekti-u-skoli"],"_links":{"self":[{"href":"https:\/\/osmp.edu.ba\/index.php?rest_route=\/wp\/v2\/posts\/678","targetHints":{"allow":["GET"]}}],"collection":[{"href":"https:\/\/osmp.edu.ba\/index.php?rest_route=\/wp\/v2\/posts"}],"about":[{"href":"https:\/\/osmp.edu.ba\/index.php?rest_route=\/wp\/v2\/types\/post"}],"author":[{"embeddable":true,"href":"https:\/\/osmp.edu.ba\/index.php?rest_route=\/wp\/v2\/users\/1"}],"replies":[{"embeddable":true,"href":"https:\/\/osmp.edu.ba\/index.php?rest_route=%2Fwp%2Fv2%2Fcomments&post=678"}],"version-history":[{"count":2,"href":"https:\/\/osmp.edu.ba\/index.php?rest_route=\/wp\/v2\/posts\/678\/revisions"}],"predecessor-version":[{"id":8200,"href":"https:\/\/osmp.edu.ba\/index.php?rest_route=\/wp\/v2\/posts\/678\/revisions\/8200"}],"wp:featuredmedia":[{"embeddable":true,"href":"https:\/\/osmp.edu.ba\/index.php?rest_route=\/wp\/v2\/media\/679"}],"wp:attachment":[{"href":"https:\/\/osmp.edu.ba\/index.php?rest_route=%2Fwp%2Fv2%2Fmedia&parent=678"}],"wp:term":[{"taxonomy":"category","embeddable":true,"href":"https:\/\/osmp.edu.ba\/index.php?rest_route=%2Fwp%2Fv2%2Fcategories&post=678"},{"taxonomy":"post_tag","embeddable":true,"href":"https:\/\/osmp.edu.ba\/index.php?rest_route=%2Fwp%2Fv2%2Ftags&post=678"}],"curies":[{"name":"wp","href":"https:\/\/api.w.org\/{rel}","templated":true}]}}