{"id":8950,"date":"2023-11-20T16:05:36","date_gmt":"2023-11-20T16:05:36","guid":{"rendered":"http:\/\/osmp.edu.ba\/?p=8950"},"modified":"2023-11-21T11:05:37","modified_gmt":"2023-11-21T11:05:37","slug":"clanovi-bibliotekarske-sekcije-obiljezili-medjunarodni-dan-djeteta","status":"publish","type":"post","link":"https:\/\/osmp.edu.ba\/?p=8950","title":{"rendered":"\u010cLANOVI BIBLIOTEKARSKE SEKCIJE i U\u010cENICI II &#8211; 1 RAZREDA OBILJE\u017dILI &#8220;ME\u0110UNARODNI DAN DJETETA&#8221;"},"content":{"rendered":"\n<p><strong>Me\u0111unarodni dan djece<\/strong>&nbsp;obilje\u017eava se svake godine&nbsp;<strong>20. novembra<\/strong>&nbsp;jer je toga dana&nbsp;<strong>1989. godine usvojena Konvencija o pravima djeteta.<\/strong> Kao me\u0111unarodni dokument Ujedinjenih naroda, Konvencija sadr\u017ei univerzalne standarde koje dr\u017eave moraju garantovati svakom djetetu. Konvenciju je do danas potpisalo 196 zemalja, \u010dime je postala najbr\u017ee i naj\u0161ire prihva\u0107en sporazum na podru\u010dju me\u0111unarodnih ljudskih prava u historijii. Time je svijet dao obe\u0107anje da \u0107e svoj djeci biti osigurana jednaka prava te da \u0107e u\u010diniti sve kako bi se za\u0161titila i osigurala njihova prava na pre\u017eivljavanje, razvoj, u\u010denje i razvijanje do punih potencijala, bez diskriminacije.&nbsp; <\/p>\n\n\n\n<figure class=\"wp-block-image\"><img fetchpriority=\"high\" decoding=\"async\" width=\"1024\" height=\"733\" src=\"http:\/\/osmp.edu.ba\/wp-content\/uploads\/2023\/11\/404696216_7194244347252730_4444260707430073915_n-1024x733.jpg\" alt=\"\" class=\"wp-image-8951\" srcset=\"https:\/\/osmp.edu.ba\/wp-content\/uploads\/2023\/11\/404696216_7194244347252730_4444260707430073915_n-1024x733.jpg 1024w, https:\/\/osmp.edu.ba\/wp-content\/uploads\/2023\/11\/404696216_7194244347252730_4444260707430073915_n-300x215.jpg 300w, https:\/\/osmp.edu.ba\/wp-content\/uploads\/2023\/11\/404696216_7194244347252730_4444260707430073915_n-768x550.jpg 768w, https:\/\/osmp.edu.ba\/wp-content\/uploads\/2023\/11\/404696216_7194244347252730_4444260707430073915_n.jpg 1600w\" sizes=\"(max-width: 1024px) 100vw, 1024px\" \/><\/figure>\n\n\n\n<p><\/p>\n\n\n\n<p>Tim povodom, \u010dlanovi bibliotekarske sekcije na\u0161e \u0161kole su na kreativan na\u010din prikazali osnovna dje\u010dija prava, koja bi nas trebala posjetiti da jo\u0161 vi\u0161e pa\u017enje posvetimo na\u0161im najmla\u0111ima. <\/p>\n\n\n\n<figure class=\"wp-block-image\"><img decoding=\"async\" width=\"916\" height=\"1024\" src=\"http:\/\/osmp.edu.ba\/wp-content\/uploads\/2023\/11\/402940257_7194244387252726_1515849533578466360_n-916x1024.jpg\" alt=\"\" class=\"wp-image-8952\" srcset=\"https:\/\/osmp.edu.ba\/wp-content\/uploads\/2023\/11\/402940257_7194244387252726_1515849533578466360_n-916x1024.jpg 916w, https:\/\/osmp.edu.ba\/wp-content\/uploads\/2023\/11\/402940257_7194244387252726_1515849533578466360_n-269x300.jpg 269w, https:\/\/osmp.edu.ba\/wp-content\/uploads\/2023\/11\/402940257_7194244387252726_1515849533578466360_n-768x858.jpg 768w, https:\/\/osmp.edu.ba\/wp-content\/uploads\/2023\/11\/402940257_7194244387252726_1515849533578466360_n-1024x1144.jpg 1024w, https:\/\/osmp.edu.ba\/wp-content\/uploads\/2023\/11\/402940257_7194244387252726_1515849533578466360_n.jpg 1432w\" sizes=\"(max-width: 916px) 100vw, 916px\" \/><\/figure>\n\n\n\n<p>Tako\u0111er,  u\u010denici II -1 posvetili su Me\u0111unarodni dan djece problemu uzurpacije i bescijalnog kr\u0161enja elementarnih ljudskih\/dje\u010dijih prava i sloboda s posebnim fokusom na prava na \u017eivot, slobodu i zdravlje palestinske djece u pojasu Gaze. <\/p>\n\n\n\n<p>Video pogledajte na <a href=\"https:\/\/www.facebook.com\/osnovnaskola.mirsadprnjavorac\/videos\/731376952186577\">linku<\/a>.<\/p>\n\n\n\n<figure class=\"wp-block-image\"><img decoding=\"async\" width=\"1024\" height=\"187\" src=\"http:\/\/osmp.edu.ba\/wp-content\/uploads\/2023\/11\/SSSS-1024x187.png\" alt=\"\" class=\"wp-image-8851\" srcset=\"https:\/\/osmp.edu.ba\/wp-content\/uploads\/2023\/11\/SSSS-1024x187.png 1024w, https:\/\/osmp.edu.ba\/wp-content\/uploads\/2023\/11\/SSSS-300x55.png 300w, https:\/\/osmp.edu.ba\/wp-content\/uploads\/2023\/11\/SSSS-768x140.png 768w, https:\/\/osmp.edu.ba\/wp-content\/uploads\/2023\/11\/SSSS.png 1920w\" sizes=\"(max-width: 1024px) 100vw, 1024px\" \/><\/figure>\n","protected":false},"excerpt":{"rendered":"<p>Me\u0111unarodni dan djece&nbsp;obilje\u017eava se svake godine&nbsp;20. novembra&nbsp;jer je toga dana&nbsp;1989. godine usvojena Konvencija o pravima&#8230;<\/p>\n","protected":false},"author":1,"featured_media":8951,"comment_status":"closed","ping_status":"closed","sticky":false,"template":"","format":"standard","meta":{"ngg_post_thumbnail":0,"footnotes":""},"categories":[5,13,11],"tags":[],"class_list":["post-8950","post","type-post","status-publish","format-standard","has-post-thumbnail","hentry","category-aktuelnosti","category-biblioteka","category-sekcije-u-skoli"],"_links":{"self":[{"href":"https:\/\/osmp.edu.ba\/index.php?rest_route=\/wp\/v2\/posts\/8950","targetHints":{"allow":["GET"]}}],"collection":[{"href":"https:\/\/osmp.edu.ba\/index.php?rest_route=\/wp\/v2\/posts"}],"about":[{"href":"https:\/\/osmp.edu.ba\/index.php?rest_route=\/wp\/v2\/types\/post"}],"author":[{"embeddable":true,"href":"https:\/\/osmp.edu.ba\/index.php?rest_route=\/wp\/v2\/users\/1"}],"replies":[{"embeddable":true,"href":"https:\/\/osmp.edu.ba\/index.php?rest_route=%2Fwp%2Fv2%2Fcomments&post=8950"}],"version-history":[{"count":3,"href":"https:\/\/osmp.edu.ba\/index.php?rest_route=\/wp\/v2\/posts\/8950\/revisions"}],"predecessor-version":[{"id":8959,"href":"https:\/\/osmp.edu.ba\/index.php?rest_route=\/wp\/v2\/posts\/8950\/revisions\/8959"}],"wp:featuredmedia":[{"embeddable":true,"href":"https:\/\/osmp.edu.ba\/index.php?rest_route=\/wp\/v2\/media\/8951"}],"wp:attachment":[{"href":"https:\/\/osmp.edu.ba\/index.php?rest_route=%2Fwp%2Fv2%2Fmedia&parent=8950"}],"wp:term":[{"taxonomy":"category","embeddable":true,"href":"https:\/\/osmp.edu.ba\/index.php?rest_route=%2Fwp%2Fv2%2Fcategories&post=8950"},{"taxonomy":"post_tag","embeddable":true,"href":"https:\/\/osmp.edu.ba\/index.php?rest_route=%2Fwp%2Fv2%2Ftags&post=8950"}],"curies":[{"name":"wp","href":"https:\/\/api.w.org\/{rel}","templated":true}]}}